{"id":14367,"date":"2022-11-25T10:52:13","date_gmt":"2022-11-25T09:52:13","guid":{"rendered":"https:\/\/www.bancali-biz.org\/?p=14367"},"modified":"2022-11-25T10:52:17","modified_gmt":"2022-11-25T09:52:17","slug":"de-las-24-143-personas-que-vienen-al-banco-de-alimentos-de-bizkaia-4-917-son-ninos-606-lactantes","status":"publish","type":"post","link":"https:\/\/www.bancali-biz.org\/eu\/de-las-24-143-personas-que-vienen-al-banco-de-alimentos-de-bizkaia-4-917-son-ninos-606-lactantes\/","title":{"rendered":"\u201cDe las 24.143 personas que vienen al Banco de Alimentos de Bizkaia, 4.917 son ni\u00f1os, 606 lactantes\u201d"},"content":{"rendered":"\n<figure class=\"wp-block-image size-full\"><img fetchpriority=\"high\" decoding=\"async\" width=\"654\" height=\"369\" src=\"https:\/\/www.bancali-biz.org\/wp-content\/uploads\/2022\/11\/GR2022-LC-datos.png\" alt=\"\" class=\"wp-image-14369\" srcset=\"https:\/\/www.bancali-biz.org\/wp-content\/uploads\/2022\/11\/GR2022-LC-datos.png 654w, https:\/\/www.bancali-biz.org\/wp-content\/uploads\/2022\/11\/GR2022-LC-datos-600x339.png 600w\" sizes=\"(max-width: 654px) 100vw, 654px\" \/><figcaption class=\"wp-element-caption\">Luis Crovetto &#8211; Presidente del Banco de Alimentos de Bizkaia \u2013 BAB \u2013<br><\/figcaption><\/figure>\n\n\n\n<p>Ver en: <a href=\"https:\/\/www.deia.eus\/bizkaia\/2022\/11\/24\/luis-crovetto-24-143-personas-6250957.html\" target=\"_blank\" rel=\"noopener\">https:\/\/www.deia.eus\/bizkaia\/2022\/11\/24\/luis-crovetto-24-143-personas-6250957.html<\/a><\/p>\n\n\n\n<p><br>Luis Crovetto est\u00e1 preocupado por el \u00e9xito de la<strong>\u00a0Gran Recogida anual del Banco de Alimentos de Bizkaia<\/strong>, que se llevar\u00e1 a cabo entre los<strong>\u00a0d\u00edas 25 y 26 de este mes.<\/strong>\u00a0Las consecuencias de la inflaci\u00f3n est\u00e1n incidiendo en la calidad de vida de la sociedad vizca\u00edna, pero, precisamente por ello, considera crucial que una gran ola de solidaridad inunde el territorio hist\u00f3rico para ayudar a sus habitantes m\u00e1s precarizados.\u00a0<\/p>\n\n\n\n<p><strong>La inflaci\u00f3n nos est\u00e1 afectando much\u00edsimo.<\/strong>\u00a0Todo nos cuesta m\u00e1s, pero si la Gran Recogida no sale bien, tendremos problemas para poder hacer frente a las necesidades de las 24.143 personas a las que atendemos actualmente.\u00a0<\/p>\n\n\n\n<p><strong>\u00bfY hasta qu\u00e9 punto puede llegar a condicionar la inflaci\u00f3n el \u00e9xito de la Gran Recogida?\u00a0<\/strong><\/p>\n\n\n\n<p><strong>Espero que este a\u00f1o podamos llegar al mill\u00f3n de kilos.<\/strong>&nbsp;Como creo que ya he comentado varias veces, hemos notado que hasta un 40% de las personas quiere participar a trav\u00e9s de la entrega directa de alimentos, no quieren dar dinero. Por ello, este a\u00f1o la recogida volver\u00e1 a ser mixta. De esta manera, quien lo desee podr\u00e1 adquirir el bono alimento o, por el contrario, participar con la compra directa en los supermercados.<\/p>\n\n\n\n<h3 class=\"wp-block-heading\">&#8220;Nunca hab\u00edamos tenido una inflaci\u00f3n tan fuerte como la de ahora. No nos hab\u00edamos enfrentado a un problema as\u00ed hasta ahora&#8221;<\/h3>\n\n\n\n<p>\u00bfCree, entonces, que la delicada situaci\u00f3n econ\u00f3mica es una de las razones por las que habr\u00eda que alentar a la poblaci\u00f3n a participar en la iniciativa en esta ocasi\u00f3n?&nbsp;<\/p>\n\n\n\n<p>Evidentemente. Adem\u00e1s, le voy a decir una cosa. Llevo quince a\u00f1os participando en la Gran Recogida y en este periodo he vivido, desde aqu\u00ed, varias&nbsp;<strong>crisis.<\/strong>&nbsp;En todas ellas, sobre todo en la de 2008,&nbsp;<strong>he notado c\u00f3mo las personas se vuelven m\u00e1s generosas.<\/strong>&nbsp;Eso s\u00ed, nunca hab\u00edamos tenido una inflaci\u00f3n tan fuerte como la de ahora. No nos hab\u00edamos enfrentado a un problema as\u00ed hasta ahora. Habr\u00e1 que ver c\u00f3mo sale la respuesta este a\u00f1o\u2026&nbsp;<\/p>\n\n\n\n<p><strong>P:<\/strong> <strong>\u00bfTiene miedo, Luis?\u00a0<\/strong><\/p>\n\n\n\n<p>No, no tengo miedo. Siento mucha\u00a0<strong>responsabilidad<\/strong>, pero tambi\u00e9n<strong>\u00a0esperanza<\/strong>. Hay gente que se ha anticipado al 25 de noviembre y ya ha empezado a hacer donaciones.\u00a0<\/p>\n\n\n\n<p><strong>P: \u00bfC\u00f3mo esta afectando el encarecimiento de los productos b\u00e1sicos a su labor?<\/strong><\/p>\n\n\n\n<p>La \u00faltima partida de huevos que hemos comprado, despu\u00e9s de haber estado cerrado el precio, lleg\u00f3 con un aumento en la factura del 20% y, claro, tuvimos que pagarla. Y es que, a veces,&nbsp;<strong>los propios proveedores no pueden respetar el precio que han pactado con nosotros.&nbsp;<\/strong><\/p>\n\n\n\n<p><strong>P:\u00a0\u00bfY a las personas a las que el BAB atiende?\u00a0<\/strong><\/p>\n\n\n\n<p>Lo que intentamos, y estamos consiguiendo, es mantener la misma dieta que siempre les hemos dado. En ese sentido, hemos podido respetar esa parte, y seguiremos haci\u00e9ndolo, al menos, hasta diciembre.&nbsp;<\/p>\n\n\n\n<p>&#8220;Hay personas que, pese a tener un empleo, acuden al banco de alimentos porque sus sueldos son muy precarios&#8221;<\/p>\n\n\n\n<p><strong>P: \u00bfSe ha incrementado el n\u00famero de beneficiados por el Banco de Alimentos este 2022?<\/strong>\u00a0<\/p>\n\n\n\n<p>No, en todo el a\u00f1o el&nbsp;<strong>n\u00famero de beneficiados se ha mantenido en torno a los 25.000.<\/strong>&nbsp;Creo que esto se debe a que tanto en Bizkaia como en Euskadi la RGI y las ayudas de las instituciones funcionan bien. Sin embargo, tambi\u00e9n considero que est\u00e1 apareciendo un tipo de pobreza nueva, que no conoc\u00edamos. Hay personas que, pese a tener un empleo, acuden al Banco de Alimentos porque sus sueldos son muy precarios.&nbsp;<\/p>\n\n\n\n<p><strong>P:<\/strong> <strong>Y cu\u00e1l es el perfil de estas personas?, \u00bfHa variado a lo largo de los a\u00f1os o, por el contrario, es m\u00e1s bien monol\u00edtico?\u00a0<\/strong><\/p>\n\n\n\n<p>S\u00ed, lo ha hecho. Antes, hasta hace dos o tres a\u00f1os, las personas que acud\u00edan a nosotros eran fundamentalmente inmigrantes. Ahora, ha aumentado mucho el n\u00famero de vizcainos por la crisis y los problemas derivados de la pandemia. Como comentaba antes, son personas con sueldos muy precarios. Tambi\u00e9n hay muchas familias monoparentales. Son, sobre todo, mujeres con ni\u00f1os a su cargo. De hecho,&nbsp;<strong>de las 24.143 personas a las que atendemos, 4.917 son ni\u00f1os. De estos \u00faltimos, 606 son lactantes. Es terrible, sin duda.&nbsp;<\/strong><\/p>\n\n\n\n<p><strong>P:<\/strong> <strong>Entonces, \u00bfsignifica esto que la pobreza tiene g\u00e9nero?\u00a0<\/strong><\/p>\n\n\n\n<p>Por desgracia, s\u00ed. En este \u00e1mbito tambi\u00e9n hay una brecha.<\/p>\n","protected":false},"excerpt":{"rendered":"<p>Ver en: https:\/\/www.deia.eus\/bizkaia\/2022\/11\/24\/luis-crovetto-24-143-personas-6250957.html Luis Crovetto est\u00e1 preocupado por el \u00e9xito de la\u00a0Gran Recogida anual del Banco de Alimentos de Bizkaia, que se llevar\u00e1 a cabo entre los\u00a0d\u00edas 25 y 26 de este mes.\u00a0Las consecuencias de la inflaci\u00f3n est\u00e1n incidiendo en la calidad de vida de la sociedad vizca\u00edna, pero, precisamente por ello, considera crucial que [&hellip;]<\/p>\n","protected":false},"author":4,"featured_media":14369,"comment_status":"open","ping_status":"closed","sticky":false,"template":"","format":"standard","meta":{"give_campaign_id":0,"footnotes":""},"categories":[1],"tags":[],"class_list":["post-14367","post","type-post","status-publish","format-standard","has-post-thumbnail","hentry","category-sin-categorizar"],"_links":{"self":[{"href":"https:\/\/www.bancali-biz.org\/eu\/wp-json\/wp\/v2\/posts\/14367","targetHints":{"allow":["GET"]}}],"collection":[{"href":"https:\/\/www.bancali-biz.org\/eu\/wp-json\/wp\/v2\/posts"}],"about":[{"href":"https:\/\/www.bancali-biz.org\/eu\/wp-json\/wp\/v2\/types\/post"}],"author":[{"embeddable":true,"href":"https:\/\/www.bancali-biz.org\/eu\/wp-json\/wp\/v2\/users\/4"}],"replies":[{"embeddable":true,"href":"https:\/\/www.bancali-biz.org\/eu\/wp-json\/wp\/v2\/comments?post=14367"}],"version-history":[{"count":0,"href":"https:\/\/www.bancali-biz.org\/eu\/wp-json\/wp\/v2\/posts\/14367\/revisions"}],"wp:featuredmedia":[{"embeddable":true,"href":"https:\/\/www.bancali-biz.org\/eu\/wp-json\/wp\/v2\/media\/14369"}],"wp:attachment":[{"href":"https:\/\/www.bancali-biz.org\/eu\/wp-json\/wp\/v2\/media?parent=14367"}],"wp:term":[{"taxonomy":"category","embeddable":true,"href":"https:\/\/www.bancali-biz.org\/eu\/wp-json\/wp\/v2\/categories?post=14367"},{"taxonomy":"post_tag","embeddable":true,"href":"https:\/\/www.bancali-biz.org\/eu\/wp-json\/wp\/v2\/tags?post=14367"}],"curies":[{"name":"wp","href":"https:\/\/api.w.org\/{rel}","templated":true}]}}