{"id":17561,"date":"2024-10-31T10:09:00","date_gmt":"2024-10-31T09:09:00","guid":{"rendered":"https:\/\/www.bancali-biz.org\/?p=17561"},"modified":"2024-11-05T12:13:41","modified_gmt":"2024-11-05T11:13:41","slug":"143-vueltas-en-el-corte-ingles-para-alimentar-a-mil-familias","status":"publish","type":"post","link":"https:\/\/www.bancali-biz.org\/eu\/143-vueltas-en-el-corte-ingles-para-alimentar-a-mil-familias\/","title":{"rendered":"El Correo, 30\/10\/2024: 143 vueltas en El Corte Ingl\u00e9s para alimentar a mil familias"},"content":{"rendered":"\n<figure class=\"wp-block-image size-large\"><img fetchpriority=\"high\" decoding=\"async\" width=\"808\" height=\"1080\" src=\"https:\/\/www.bancali-biz.org\/wp-content\/uploads\/2024\/10\/Carrera-solidaria-El-Corte-Ingles-808x1080.jpg\" alt=\"\" class=\"wp-image-17562\"\/><\/figure>\n\n\n\n<p><em>Javi Conde y Jon Salvador corren diez millas en la s\u00e8ptima planta del centro comercial bilba\u00edno, en un acto con fines solidarios donde recaudan siete toneladas para el Banco de Alimentos.<\/em><\/p>\n\n\n\n<p>El Correo, Mi\u00e9rcoles, 30 de octubre 2024, 21:23: <a href=\"https:\/\/www.elcorreo.com\/deportes\/mas-deportes\/143-vueltas-corte-ingles-alimentar-mil-familias-20241030212309-nt.html\" target=\"_blank\" rel=\"noopener\">https:\/\/www.elcorreo.com\/deportes\/mas-deportes\/143-vueltas-corte-ingles-alimentar-mil-familias-20241030212309-nt.html<\/a><\/p>\n\n\n\n<p>Javi Conde y Jon Salvador han reanudado con \u00e9xito su larga lista de retos en diferentes escenarios de Bizkaia. Ayer, tras casi hora y media de esfuerzo (1.29.08), completaron las Diez Millas Solidarias impulsadas por El Corte Ingl\u00e9s en su s\u00e9ptima planta. All\u00ed, en la pista de atletismo dise\u00f1ada en la secci\u00f3n de deportes, los dos maratonianos vizca\u00ednos han completado esta tarde16,090 kil\u00f3metros tras dar 143 vueltas a un anillo de 112,7 metros. En pleno horario comercial, con clientes que realizaban sus compras o disfrutaban de una consumici\u00f3n en la cafeter\u00eda, Conde y Salvador han a\u00f1adido un nuevo \u00e9xito a su cuenta de actividades solidarias que como resultado permitir\u00e1 alimentar a mil familias.<\/p>\n\n\n\n<p>\u00bfC\u00f3mo lo han conseguido? \u00abTen\u00edamos claro que ten\u00eda que tener fines solidarios\u00bb, explic\u00f3 Jon Ciriero, director de El Corte Ingl\u00e9s, durante la presentaci\u00f3n del acto, algo muy en la l\u00ednea de lo que siempre han hecho los dos maratonianos vizca\u00ednos. De ah\u00ed surgi\u00f3 la posibilidad de colaborar con el Banco de Alimentos de Bizkaia, cuyo presidente, Luis Crovetto, agradeci\u00f3 recordando que \u00absiete toneladas de alimentos que se han recaudado en este evento significan ayudar a mil familias\u00bb. La aportaci\u00f3n de firmas como EL CORREO, Under Armour, los ayuntamientos de Etxebarri y Basauri, el Gobierno vasco a trav\u00e9s de la Fundaci\u00f3n Hazi, Bikainak y Artiach result\u00f3 determinante para dar forma con su aportaci\u00f3n econ\u00f3mica al impulso de El Corte Ingl\u00e9s.<\/p>\n\n\n\n<p>La serie vio la luz a ra\u00edz de la idea de Conde de completar todos los maratones ol\u00edmpicos y paral\u00edmpicos con fines solidarios. En marzo de 2012, Conde y Salvador se subieron a lo alto del Puente de Bizkaia para realizar un marat\u00f3n, y despu\u00e9s llegaron los de la Gabarra, el Sif\u00f3n de Deusto, Pozalagua, Gaztelugatxe y el \u00c1rbol de Gernika, \u00faltimo antes de que la pandemia frenara este tipo de actuaciones por parte de los dos maratonianos, que alumbraron este nuevo proyecto casi de casualidad. \u00abSi hay una pista en lo alto de El Corte Ingl\u00e9s, ser\u00e1 para correr en ella\u00bb, vinieron a decir.<\/p>\n\n\n\n<p><strong>La hora de la verdad<\/strong><\/p>\n\n\n\n<p>Seis meses de preparativos que culminaron esta tarde con la puesta en escena de los protagonistas, que desde las seis de la tarde ya estaban enfrascados en los preparativos. Hab\u00eda que calentar bien y adaptarse de nuevo a una pista en la que ya hab\u00edan entrenado. \u00abSe trata de un piso duro que exige bastante. Lo bueno es que son tres calles y nos da espacio suficiente para correr los dos juntos\u00bb, explicaba Jon Salvador.<\/p>\n\n\n\n<p>El escenario ha resultado de lo m\u00e1s sorprendente. En el mismo espacio coincid\u00edan voluntarios del Club Atletismo Javi Conde, responsables de cronometraje, vendedores de material deportivo, clientes que al hacer sus compras se encontraban con dos atletas de aqu\u00ed para all\u00e1 jaleados por sus seguidores&#8230; Lo cierto es que la s\u00e9ptima planta del centro comercial ha estado de lo m\u00e1s ajetreada durante casi dos horas, el tiempo en el que Conde y Salvador han convertido ese escenario en una fiesta del atletismo, como lo han hecho en cada lugar emblem\u00e1tico al que han llevado sus retos solidarios.<\/p>\n\n\n\n<p>A las siete y media, con puntualidad brit\u00e1nica, por aquello de estar en El Corte Ingl\u00e9s, ha comenzado el reto de las Diez Millas, una distancia tambi\u00e9n muy adecuada al escenario. \u00abQuer\u00edamos hacer un gui\u00f1o al centro comercial que tantas facilidades nos ha dado para celebrar este reto y de ah\u00ed que plante\u00e1ramos correr diez millas\u00bb.<\/p>\n\n\n\n<p>Con la salida efectuada por el padre de Javi Conde el marcador comenz\u00f3 a acumular vueltas rumbo a esas 143 que eran final de destino. Primero han arrancado en el sentido contrario a lo habitual en una pista de atletismo, pero a los diez minutos han cambiado la forma de girar. Se trataba de &#8216;conservar&#8217; al m\u00e1ximo posible la mec\u00e1nica, esas piernas que tantos y tantos kil\u00f3metros llevan acumulados entre la trayectoria deportiva de ambos y los retos solidarios a los que se han acostumbrado.<\/p>\n\n\n\n<p>Las vueltas pasaban y las caras de sorpresa de los clientes iba en aumento. \u00abEse es Conde, \u00bfno?\u00bb, preguntaba un visitante al ver pasar al maratoniano de Basauri. \u00abEst\u00e1 haciendo un marat\u00f3n\u00bb, se asombraba por su parte una se\u00f1ora que ayer descubri\u00f3 que para cruzar la pista de atletismop pintada en el suelo de la planta de deportes hab\u00eda que mirar a un lado y a otro, como si de cruzar un paso a nivel sin barreras se tratara. Cada 37-38 segundos pasaba el d\u00fao de atletas mientras la abuela buscaba el top deportivo m\u00e1s adecuado para su nieta y la vendedora ense\u00f1aba a la madre y su hijo el excelente tejido del pantal\u00f3n corto que deseaba comprar. Conjugar la actividad comercial habitual con una carrera se convirti\u00f3 en el principal reto de los voluntarios y de los responsables de El Corte Ingl\u00e9s, saldado con buena nota.<\/p>\n\n\n\n<p>A las nueve de la noche, ambos celebraban la finalizaci\u00f3n de esos 16 kil\u00f3metros largos en un escenario muy diferente a los anteriores. La sonrisa con la que corrieron la mayor parte de esas 143 vueltas les delataba. La experiencia hab\u00eda sido un \u00e9xito y el objetivo culminado. Siete toneladas de alimentos ya han viajado rumbo al Bando de Alimentos de Bizkaia. Un acto simb\u00f3lico que era la esencia del reto con el que ambos maratonianos regresaron a su actividad favorita, y aunque no fue un marat\u00f3n como acostumbran, no estuvo exento de exigencia. \u00abHa sido muy duro\u00bb, coincidieron en su resumen.<\/p>\n\n\n\n<p>\u00abHa sido una gran experiencia, pero se ha hecho dura porque el piso es muy duro y desde el primer momento se ha notado en las articulaciones. Pero bueno, con el apoyo de la gente, del buen ambiente que hemos tenido durante toda la prueba, lo hemos sacado adelante, que era de lo que se trataba porque al final tiene un componente solidario muy importante\u00bb, ha destacado Conde.<\/p>\n\n\n\n<p>Salvador, por su parte, ha reconocido que el ritmo hab\u00eda sido m\u00e1s exigente de lo esperado. \u00abPens\u00e1bamos tardar en torno a hora y 35 minutos, pero cuando hemos visto el ritmo que llev\u00e1bamos, nos hemos dado cuenta que \u00edbamos a bajar de hora y media, lo cual nos deja muy satisfechos, pero te aseguro que se ha notado el ritmo y que nos ha costado\u00bb.<\/p>\n\n\n\n<p>Por parte de El Corte Ingl\u00e9s, su director Jon Ciriero estaba m\u00e1s que satisfecho con lo vivido en el centro comercial, un evento nuevo y que \u00abha dado mucha vida a la zona durante el tiempo de la carrera. Estamos muy contentos de que haya salido todo a pedir de boca\u00bb.<\/p>\n","protected":false},"excerpt":{"rendered":"<p>Javi Conde y Jon Salvador corren diez millas en la s\u00e8ptima planta del centro comercial bilba\u00edno, en un acto con fines solidarios donde recaudan siete toneladas para el Banco de Alimentos. El Correo, Mi\u00e9rcoles, 30 de octubre 2024, 21:23: https:\/\/www.elcorreo.com\/deportes\/mas-deportes\/143-vueltas-corte-ingles-alimentar-mil-familias-20241030212309-nt.html Javi Conde y Jon Salvador han reanudado con \u00e9xito su larga lista de retos en [&hellip;]<\/p>\n","protected":false},"author":4,"featured_media":17562,"comment_status":"open","ping_status":"closed","sticky":false,"template":"","format":"standard","meta":{"give_campaign_id":0,"footnotes":""},"categories":[1],"tags":[],"class_list":["post-17561","post","type-post","status-publish","format-standard","has-post-thumbnail","hentry","category-sin-categorizar"],"_links":{"self":[{"href":"https:\/\/www.bancali-biz.org\/eu\/wp-json\/wp\/v2\/posts\/17561","targetHints":{"allow":["GET"]}}],"collection":[{"href":"https:\/\/www.bancali-biz.org\/eu\/wp-json\/wp\/v2\/posts"}],"about":[{"href":"https:\/\/www.bancali-biz.org\/eu\/wp-json\/wp\/v2\/types\/post"}],"author":[{"embeddable":true,"href":"https:\/\/www.bancali-biz.org\/eu\/wp-json\/wp\/v2\/users\/4"}],"replies":[{"embeddable":true,"href":"https:\/\/www.bancali-biz.org\/eu\/wp-json\/wp\/v2\/comments?post=17561"}],"version-history":[{"count":0,"href":"https:\/\/www.bancali-biz.org\/eu\/wp-json\/wp\/v2\/posts\/17561\/revisions"}],"wp:featuredmedia":[{"embeddable":true,"href":"https:\/\/www.bancali-biz.org\/eu\/wp-json\/wp\/v2\/media\/17562"}],"wp:attachment":[{"href":"https:\/\/www.bancali-biz.org\/eu\/wp-json\/wp\/v2\/media?parent=17561"}],"wp:term":[{"taxonomy":"category","embeddable":true,"href":"https:\/\/www.bancali-biz.org\/eu\/wp-json\/wp\/v2\/categories?post=17561"},{"taxonomy":"post_tag","embeddable":true,"href":"https:\/\/www.bancali-biz.org\/eu\/wp-json\/wp\/v2\/tags?post=17561"}],"curies":[{"name":"wp","href":"https:\/\/api.w.org\/{rel}","templated":true}]}}